{"id":103,"date":"2013-04-08T16:45:10","date_gmt":"2013-04-08T16:45:10","guid":{"rendered":"http:\/\/www.vivereportopalo.it\/vivereportopalo\/?p=103"},"modified":"2020-03-08T16:46:21","modified_gmt":"2020-03-08T16:46:21","slug":"103","status":"publish","type":"post","link":"https:\/\/www.vivereportopalo.it\/vivereportopalo\/2013\/04\/08\/103\/","title":{"rendered":"LE ATTESE DELLA GENTE \u2013 DI TANTI UOMINI E DONNE \u2013 NELLA RICERCA SINCERA DELLA VERITA\u2019 E DEL BENE COMUNE."},"content":{"rendered":"<p><a href=\"http:\/\/www.vivereportopalo.it\/vivereportopalo\/wp-content\/uploads\/2013\/04\/Isola.jpg\"><img loading=\"lazy\" decoding=\"async\" class=\"alignleft wp-image-2684 size-medium\" title=\"Isola\" src=\"https:\/\/web.archive.org\/web\/20131223161332im_\/http:\/\/www.vivereportopalo.it\/vivereportopalo\/wp-content\/uploads\/2013\/04\/Isola-300x224.jpg\" alt=\"\" width=\"300\" height=\"224\" \/><\/a>A Portopalo c\u2019\u00e8 in atto un diffuso fermento culturale, di tutela dell\u2019ambiente e di rispetto \u00a0per gli animali, alimentato particolarmente dalla partecipazione di giovani donne.\u00a0 Questo piccolo paese\u00a0 \u00e8 ricco di giovent\u00f9, e dove \u00a0resiste \u00a0ancora un tessuto sociale attraversato dai sani valori della famiglia, della laboriosit\u00e0 e dell\u2019onest\u00e0. Portopalo non manca di tante significative potenzialit\u00e0 umane ed ambientali e, con l\u2019impegno di tutti, pu\u00f2 diventare, ed ha tutte le risorse per esserlo, un paese pi\u00f9 a misura d\u2019uomo.<\/p>\n<p>All\u2019interno di un simile orizzonte, una vera \u00a0istituzione democratica non teme il \u00a0cambiamento, non teme il dibattito, la critica il confronto, ma cerca reali spazi di partecipazione e sussidiariet\u00e0, per mettere le premesse di un possibile sviluppo integrale della comunit\u00e0 che governa.<\/p>\n<p>La politica, per\u00f2, pu\u00f2 essere pervertita, diventando strumento per perseguire interessi personali o di parte. Ma ci\u00f2 che d\u00e0 senso vero all\u2019attivit\u00e0 di chi gestisce la cosa pubblica \u00e8 l\u2019impegno profuso a servizio della dignit\u00e0 di ogni uomo e del bene comune. L\u2019attivit\u00e0 amministrativa, infatti si qualifica nella misura in cui si rivela mossa da un autentico spirito di sevizio ai cittadini.<\/p>\n<p>E\u2019 auspicabile, allora, che le Istituzioni si ritrovano ad essere pi\u00f9 amiche del cittadino e delle imprese, potenziando funzionalit\u00e0 ed efficienza per far gravare \u00a0meno tasse e balzelli su di esse, e tutelare maggiormente l\u2019ambiente.<\/p>\n<p>A Portopalo esistono realt\u00e0 che sono pronti a dare il loro contributo specifico, \u00a0affinch\u00e9 \u00a0il nostro paese possa rinnovarsi dal di dentro. Essi desiderano essere elementi di collaborazione, di aiuto ed\u00a0 essere adoperati a favore di obbiettivi di bene comune. Organizzare il cambiamento per fare emergere\u00a0 i segni \u00a0gi\u00e0 presenti e operanti nel nostro paese.<\/p>\n<p>La nostra piccola comunit\u00e0 ha bisogno di slancio, che pu\u00f2 essere portato da uomini capaci di sognare un futuro migliore, promuovendo una convivenza civile, pacifica, con l\u2019assunzione delle proprie responsabilit\u00e0.<\/p>\n<p>Intanto per domani, 13 aprile \u00a0\u00e8 stata organizzata \u00a0una passeggiata sulla spiaggia dell\u2019Isola delle Correnti,\u00a0 come luogo da tutelare.<\/p>\n<p>Invece domenica 14 aprile verr\u00e0 effettuata, in Piazza dei due Mari, una manifestazione di protesta contro gli atti ignobili di avvelenamento dei cani randagi.<\/p>\n<p>Portopalo 12-04-2013<\/p>\n<p>Santino Quartarone13<\/p>\n","protected":false},"excerpt":{"rendered":"<p>A Portopalo c\u2019\u00e8 in atto un diffuso fermento culturale, di tutela dell\u2019ambiente e di rispetto \u00a0per gli animali, alimentato particolarmente dalla partecipazione di giovani donne.\u00a0 Questo piccolo paese\u00a0 \u00e8 ricco di giovent\u00f9, e dove \u00a0resiste \u00a0ancora un tessuto sociale attraversato dai sani valori della famiglia, della laboriosit\u00e0 e dell\u2019onest\u00e0. Portopalo non manca di tante significative potenzialit\u00e0 umane ed ambientali e, &#8230;<\/p>\n","protected":false},"author":1,"featured_media":0,"comment_status":"open","ping_status":"open","sticky":false,"template":"","format":"standard","meta":{"footnotes":""},"categories":[7,6],"tags":[],"_links":{"self":[{"href":"https:\/\/www.vivereportopalo.it\/vivereportopalo\/wp-json\/wp\/v2\/posts\/103"}],"collection":[{"href":"https:\/\/www.vivereportopalo.it\/vivereportopalo\/wp-json\/wp\/v2\/posts"}],"about":[{"href":"https:\/\/www.vivereportopalo.it\/vivereportopalo\/wp-json\/wp\/v2\/types\/post"}],"author":[{"embeddable":true,"href":"https:\/\/www.vivereportopalo.it\/vivereportopalo\/wp-json\/wp\/v2\/users\/1"}],"replies":[{"embeddable":true,"href":"https:\/\/www.vivereportopalo.it\/vivereportopalo\/wp-json\/wp\/v2\/comments?post=103"}],"version-history":[{"count":2,"href":"https:\/\/www.vivereportopalo.it\/vivereportopalo\/wp-json\/wp\/v2\/posts\/103\/revisions"}],"predecessor-version":[{"id":105,"href":"https:\/\/www.vivereportopalo.it\/vivereportopalo\/wp-json\/wp\/v2\/posts\/103\/revisions\/105"}],"wp:attachment":[{"href":"https:\/\/www.vivereportopalo.it\/vivereportopalo\/wp-json\/wp\/v2\/media?parent=103"}],"wp:term":[{"taxonomy":"category","embeddable":true,"href":"https:\/\/www.vivereportopalo.it\/vivereportopalo\/wp-json\/wp\/v2\/categories?post=103"},{"taxonomy":"post_tag","embeddable":true,"href":"https:\/\/www.vivereportopalo.it\/vivereportopalo\/wp-json\/wp\/v2\/tags?post=103"}],"curies":[{"name":"wp","href":"https:\/\/api.w.org\/{rel}","templated":true}]}}