{"id":108,"date":"2013-03-24T16:49:45","date_gmt":"2013-03-24T16:49:45","guid":{"rendered":"http:\/\/www.vivereportopalo.it\/vivereportopalo\/?p=108"},"modified":"2020-03-08T16:50:31","modified_gmt":"2020-03-08T16:50:31","slug":"una-rivoluzione-al-buio-le-provincie-prima-si-aboliscono-dopo-la-norma-che-le-regolamentano","status":"publish","type":"post","link":"https:\/\/www.vivereportopalo.it\/vivereportopalo\/2013\/03\/24\/una-rivoluzione-al-buio-le-provincie-prima-si-aboliscono-dopo-la-norma-che-le-regolamentano\/","title":{"rendered":"UNA RIVOLUZIONE AL BUIO \u2013 LE PROVINCIE PRIMA SI ABOLISCONO \u2013 DOPO LA NORMA CHE LE REGOLAMENTANO."},"content":{"rendered":"<p><a href=\"http:\/\/www.vivereportopalo.it\/vivereportopalo\/wp-content\/uploads\/2013\/03\/2102_palazzo_laterale1.jpg\"><img loading=\"lazy\" decoding=\"async\" class=\"alignleft wp-image-2650 size-full\" title=\"2102_palazzo_laterale[1]\" src=\"https:\/\/web.archive.org\/web\/20131223161413im_\/http:\/\/www.vivereportopalo.it\/vivereportopalo\/wp-content\/uploads\/2013\/03\/2102_palazzo_laterale1.jpg\" alt=\"\" width=\"200\" height=\"193\" \/><\/a>Dunque, pare che \u00a0in Sicilia\u00a0la rivoluzione sia iniziata, l\u2019abolizione delle provincie in Sicilia \u00e8 legge. \u00a0L\u2019intesa tra la sinistra progressista di Crocetta e il Movimento Cinque Stelle ha funzionato, anche se finora i Grillini hanno fatto sapere che se si sono mostrati favorevoli nel portare avanti alcune battaglie del presidente della Regione siciliana \u00e8 perch\u00e9 si trattavano di argomenti\u00a0 discussi gi\u00e0 \u00a0in campagna elettorale proprio dal loro Movimento, come la riduzione dei costi della politica, l\u2019abolizione delle province, la battaglia contro il MUOS di Niscemi e il reddito di cittadinanza.<\/p>\n<p>L\u201dAssemblea Regionale Siciliana ha, quindi,\u00a0approvato la legge che dispone l\u2019abolizione delle provincie in Sicilia con i voti della maggioranza, composta da PD, UDC , Lista Crocetta \u00a0e del Movimento Cinque Stelle<strong>\u00a0<\/strong>che dell\u2019abolizione delle province ne ha sempre fatto un punto di forza del proprio programma.<\/p>\n<p>La legge approvata dalla Regione siciliana dispone il commissariamento anche della nostra Provincia di Siracusa, annullando le elezioni provinciali che avrebbero dovuto svolgersi \u00a0a fine maggio.<\/p>\n<p>E adesso? Entro il 31 dicembre 2013 dovrebbero emanarsi le disposizioni applicative per \u00a0il passaggio dalle Province ai Consorzi dei Comuni.<\/p>\n<p>Ma\u00a0 non si parla dei 206 enti inutili regionali, veri e propri centri di spesa, non si parla di chi far\u00e0 fronte ai 380 milioni di debiti degli enti provinciali. Chi li assorbir\u00e0? I comuni? Questi liberi consorzi di comuni, con l\u2019inevitabile conseguenza di sforare, immediatamente, il patto di stabilit\u00e0 o li assorbir\u00e0 la Regione che gi\u00e0 di suo non riesce a far fronte a nessun adempimento?<\/p>\n<p><strong>Il primo round \u00a0ha deciso, cos\u00ec, la sospensione delle elezioni di primo grado e l\u2019abolizione delle province.\u00a0<\/strong>Ma<strong>\u00a0<\/strong><strong>\u00a0<\/strong>quali saranno le competenze e le funzioni, l\u2019organizzazione territoriale \u00a0e la centralit\u00e0 dei comuni. Penso \u00a0che su questi argomenti\u00a0 si giocher\u00e0 la partita finale.<\/p>\n<p><strong>Pare che\u00a0<\/strong><strong><em>gli ambiti dei Consorzi<\/em><\/strong><strong>\u00a0di comuni dovrebbero avere alcune caratteristiche cio\u00e8<\/strong>\u00a0<strong><em>disporre di 150 mila abitanti<\/em><\/strong>, omogeneit\u00e0 e contiguit\u00e0 territoriale. Inoltre, le tre maggiori citt\u00e0, Palermo, Messina e Catania, costituiranno altrettante aree metropolitane, mentre \u00a0le sei restanti province diventeranno automaticamenteConsorzi.<\/p>\n<p>L\u2019on. Bono, ultimo presidente della Provincia Regionale di Siracusa,\u00a0ha affermato\u00a0che \u00a0\u201dL\u2019abolizione delle Province e\u2019 un vero scempio istituzionale in nome di una falsa\u00a0 spending\u00a0 review\u201d.<\/p>\n<p>Credo che\u00a0<strong>la nostra Provincia di Siracusa<\/strong>,\u00a0 con 21 comuni e\u00a0 405.934 abitanti,\u00a0<strong>sar\u00e0 sostituita da quatto consorzi<\/strong>, quello di\u00a0Augusta, Floridia, Lentini, Noto.<\/p>\n<p>Portopalo 23-03-2013<\/p>\n<p>Santino Quartarone<\/p>\n","protected":false},"excerpt":{"rendered":"<p>Dunque, pare che \u00a0in Sicilia\u00a0la rivoluzione sia iniziata, l\u2019abolizione delle provincie in Sicilia \u00e8 legge. \u00a0L\u2019intesa tra la sinistra progressista di Crocetta e il Movimento Cinque Stelle ha funzionato, anche se finora i Grillini hanno fatto sapere che se si sono mostrati favorevoli nel portare avanti alcune battaglie del presidente della Regione siciliana \u00e8 perch\u00e9 si trattavano di argomenti\u00a0 discussi &#8230;<\/p>\n","protected":false},"author":1,"featured_media":0,"comment_status":"open","ping_status":"open","sticky":false,"template":"","format":"standard","meta":{"footnotes":""},"categories":[5],"tags":[],"_links":{"self":[{"href":"https:\/\/www.vivereportopalo.it\/vivereportopalo\/wp-json\/wp\/v2\/posts\/108"}],"collection":[{"href":"https:\/\/www.vivereportopalo.it\/vivereportopalo\/wp-json\/wp\/v2\/posts"}],"about":[{"href":"https:\/\/www.vivereportopalo.it\/vivereportopalo\/wp-json\/wp\/v2\/types\/post"}],"author":[{"embeddable":true,"href":"https:\/\/www.vivereportopalo.it\/vivereportopalo\/wp-json\/wp\/v2\/users\/1"}],"replies":[{"embeddable":true,"href":"https:\/\/www.vivereportopalo.it\/vivereportopalo\/wp-json\/wp\/v2\/comments?post=108"}],"version-history":[{"count":1,"href":"https:\/\/www.vivereportopalo.it\/vivereportopalo\/wp-json\/wp\/v2\/posts\/108\/revisions"}],"predecessor-version":[{"id":109,"href":"https:\/\/www.vivereportopalo.it\/vivereportopalo\/wp-json\/wp\/v2\/posts\/108\/revisions\/109"}],"wp:attachment":[{"href":"https:\/\/www.vivereportopalo.it\/vivereportopalo\/wp-json\/wp\/v2\/media?parent=108"}],"wp:term":[{"taxonomy":"category","embeddable":true,"href":"https:\/\/www.vivereportopalo.it\/vivereportopalo\/wp-json\/wp\/v2\/categories?post=108"},{"taxonomy":"post_tag","embeddable":true,"href":"https:\/\/www.vivereportopalo.it\/vivereportopalo\/wp-json\/wp\/v2\/tags?post=108"}],"curies":[{"name":"wp","href":"https:\/\/api.w.org\/{rel}","templated":true}]}}